{"id":4142,"date":"2017-08-30T08:10:31","date_gmt":"2017-08-30T08:10:31","guid":{"rendered":"https:\/\/visitkanfanar.hr\/?p=4142\/"},"modified":"2017-08-30T08:11:29","modified_gmt":"2017-08-30T08:11:29","slug":"dvigrad-festival-orpheus-guslar","status":"publish","type":"post","link":"https:\/\/visitkanfanar.hr\/de\/dvigrad-festival-orpheus-guslar\/","title":{"rendered":"Dvigrad festival: Orpheus guslar"},"content":{"rendered":"<p><a href=\"https:\/\/visitkanfanar.hr\/wp-content\/uploads\/2017\/08\/Orpheus-guslar.jpg\"><img loading=\"lazy\" class=\"alignleft wp-image-4136\" src=\"https:\/\/visitkanfanar.hr\/wp-content\/uploads\/2017\/08\/Orpheus-guslar.jpg\" alt=\"\" width=\"402\" height=\"236\" srcset=\"https:\/\/visitkanfanar.hr\/wp-content\/uploads\/2017\/08\/Orpheus-guslar.jpg 322w, https:\/\/visitkanfanar.hr\/wp-content\/uploads\/2017\/08\/Orpheus-guslar-300x176.jpg 300w, https:\/\/visitkanfanar.hr\/wp-content\/uploads\/2017\/08\/Orpheus-guslar-143x83.jpg 143w\" sizes=\"(max-width: 402px) 100vw, 402px\" \/><\/a>U petak 1. rujna s po\u010detkom u 19 sati u bazilici svete Sofije u Dvigrad odr\u017eat \u0107e se posljednji koncert ovogodi\u0161njeg Dvigrad festivala.<\/p>\n<p>Program koncerta temeljen je na vokalnosti i predstavit \u0107e\u00a0 dijela tradicionalne i umjetni\u010dke glazbe talijanskog srednjeg vijeka i primjere polifonog pjevanja u dva glasa koje jo\u0161 uvijek opstaje u nekim ruralnim tradicijama sredi\u0161nje i ju\u017ene Italije.<\/p>\n<p>Tako\u0111er, koncert \u0107e pokazati i bogatstvo tradicionalne hrvatske glazbe, s naglaskom na tradiciju sakralnog pjevanja i poeziju.<\/p>\n<p>Ulaz na koncert je slobodan.<\/p>\n","protected":false},"excerpt":{"rendered":"<p>U petak 1. rujna s po\u010detkom u 19 sati u bazilici svete Sofije u Dvigrad odr\u017eat \u0107e se posljednji koncert &#8230;<\/p>\n","protected":false},"author":3,"featured_media":4138,"comment_status":"closed","ping_status":"open","sticky":false,"template":"","format":"standard","meta":[],"categories":[34],"tags":[99,132],"_links":{"self":[{"href":"https:\/\/visitkanfanar.hr\/de\/wp-json\/wp\/v2\/posts\/4142"}],"collection":[{"href":"https:\/\/visitkanfanar.hr\/de\/wp-json\/wp\/v2\/posts"}],"about":[{"href":"https:\/\/visitkanfanar.hr\/de\/wp-json\/wp\/v2\/types\/post"}],"author":[{"embeddable":true,"href":"https:\/\/visitkanfanar.hr\/de\/wp-json\/wp\/v2\/users\/3"}],"replies":[{"embeddable":true,"href":"https:\/\/visitkanfanar.hr\/de\/wp-json\/wp\/v2\/comments?post=4142"}],"version-history":[{"count":1,"href":"https:\/\/visitkanfanar.hr\/de\/wp-json\/wp\/v2\/posts\/4142\/revisions"}],"predecessor-version":[{"id":4146,"href":"https:\/\/visitkanfanar.hr\/de\/wp-json\/wp\/v2\/posts\/4142\/revisions\/4146"}],"wp:featuredmedia":[{"embeddable":true,"href":"https:\/\/visitkanfanar.hr\/de\/wp-json\/wp\/v2\/media\/4138"}],"wp:attachment":[{"href":"https:\/\/visitkanfanar.hr\/de\/wp-json\/wp\/v2\/media?parent=4142"}],"wp:term":[{"taxonomy":"category","embeddable":true,"href":"https:\/\/visitkanfanar.hr\/de\/wp-json\/wp\/v2\/categories?post=4142"},{"taxonomy":"post_tag","embeddable":true,"href":"https:\/\/visitkanfanar.hr\/de\/wp-json\/wp\/v2\/tags?post=4142"}],"curies":[{"name":"wp","href":"https:\/\/api.w.org\/{rel}","templated":true}]}}